[{"@context":"https:\/\/schema.org\/","@type":"Article","@id":"https:\/\/www.stecomp.cz\/zima-na-horach\/#Article","mainEntityOfPage":"https:\/\/www.stecomp.cz\/zima-na-horach\/","headline":"Zima na hor\u00e1ch","name":"Zima na hor\u00e1ch","description":"Ka\u017ed\u00fd rok tr\u00e1v\u00edte voln\u00e9 zimn\u00ed dny doma, ale tentokr\u00e1t tou\u017e\u00edte po zm\u011bn\u011b? Nenapad\u00e1 V\u00e1s ale \u017e\u00e1dn\u00e1 jin\u00e1 mo\u017enost jak takov\u00e9 dny vyplnit? A co hory ubytov\u00e1n\u00ed? U\u017eijte si zimn\u00ed dny na hor\u00e1ch s Va\u0161imi p\u0159\u00e1teli nebo rodinou a vychutnejte si ly\u017eov\u00e1n\u00ed nebo jin\u00e9 zimn\u00ed radosti! Nese\u010fte doma a u\u017eijte si zimu naplno! Hory ubytov\u00e1n\u00ed jsou jedny z t\u011bch nejlep\u0161\u00edch n\u00e1pad\u016f! Vezm\u011bte s sebou sv\u00e9 p\u0159\u00e1tele nebo si vyrazte jen tak s rodinou, a\u0165 u\u017e na ly\u017ee nebo na snowboard. Cht\u011bli...<p class=\"read-more\"><a class=\"btn btn-default\" href=\"https:\/\/www.stecomp.cz\/zima-na-horach\/\"> \u010c\u00edst d\u00e1le<span class=\"screen-reader-text\">  \u010c\u00edst d\u00e1le<\/span><\/a><\/p>","datePublished":"2024-12-25","dateModified":"2024-12-25","author":{"@type":"Person","@id":"https:\/\/www.stecomp.cz\/author\/#Person","name":"stecomp.cz\n","url":"https:\/\/www.stecomp.cz\/author\/","identifier":1,"image":{"@type":"ImageObject","@id":"https:\/\/secure.gravatar.com\/avatar\/9478c3014fb8763e2a18691ad6bf83eff86429738afad80df8227ac472865e36?s=96&d=mm&r=g","url":"https:\/\/secure.gravatar.com\/avatar\/9478c3014fb8763e2a18691ad6bf83eff86429738afad80df8227ac472865e36?s=96&d=mm&r=g","height":96,"width":96}},"publisher":{"@type":"Organization","name":"stecomp.cz","logo":{"@type":"ImageObject","@id":"\/logo.png","url":"\/logo.png","width":600,"height":60}},"url":"https:\/\/www.stecomp.cz\/zima-na-horach\/","wordCount":176,"articleBody":"Ka\u017ed\u00fd rok tr\u00e1v\u00edte voln\u00e9 zimn\u00ed dny doma, ale tentokr\u00e1t tou\u017e\u00edte po zm\u011bn\u011b? Nenapad\u00e1 V\u00e1s ale \u017e\u00e1dn\u00e1 jin\u00e1 mo\u017enost jak takov\u00e9 dny vyplnit? A co hory ubytov\u00e1n\u00ed? U\u017eijte si zimn\u00ed dny na hor\u00e1ch s Va\u0161imi p\u0159\u00e1teli nebo rodinou a vychutnejte si ly\u017eov\u00e1n\u00ed nebo jin\u00e9 zimn\u00ed radosti! Nese\u010fte doma a u\u017eijte si zimu naplno! Hory ubytov\u00e1n\u00ed jsou jedny z t\u011bch nejlep\u0161\u00edch n\u00e1pad\u016f! Vezm\u011bte s sebou sv\u00e9 p\u0159\u00e1tele nebo si vyrazte jen tak s rodinou, a\u0165 u\u017e na ly\u017ee nebo na snowboard. Cht\u011bli byste na hory, kde si u\u017eijete spoustu sn\u011bhu a zimy? Rozhodn\u011bte se pro z\u00e1bavu, z\u00e1\u017eitky a dobrodru\u017estv\u00ed! Zima na hor\u00e1ch Doma u\u017e V\u00e1s nic nep\u0159ekvap\u00ed, tak pro\u010d si nevyjet do hor? P\u0159es den si m\u016f\u017eete u\u017e\u00edvat skv\u011bl\u00e9 zimn\u00ed sporty, kter\u00e9 pravd\u011bpodobn\u011b ve m\u011bst\u011b nezkus\u00edte! Hory ubytov\u00e1n\u00ed jsou skv\u011blou p\u0159\u00edle\u017eitost\u00ed!                                                                                                                                                                                                                                                                                                                                                                                        4.5\/5 - (2 votes)        "},{"@context":"https:\/\/schema.org\/","@type":"BreadcrumbList","itemListElement":[{"@type":"ListItem","position":1,"name":"Zima na hor\u00e1ch","item":"https:\/\/www.stecomp.cz\/zima-na-horach\/#breadcrumbitem"}]}]