[{"@context":"https:\/\/schema.org\/","@type":"Article","@id":"https:\/\/www.stecomp.cz\/pujcovna-karavanu\/#Article","mainEntityOfPage":"https:\/\/www.stecomp.cz\/pujcovna-karavanu\/","headline":"P\u016fj\u010dovna karavan\u016f","name":"P\u016fj\u010dovna karavan\u016f","description":"Karavany od na\u0161\u00ed spole\u010dnosti jsou odzkou\u0161eny ji\u017e mnoha lidmi, kte\u0159\u00ed nev\u00e1hali a vyp\u016fj\u010dili si n\u011bkter\u00fd z na\u0161ich karavan\u016f. Na\u0161im slu\u017eb\u00e1m se \u017e\u00e1dn\u00e9 jin\u00e9 nemohou v\u016fbec rovnat Na\u0161e karavany jsou ide\u00e1ln\u00edm \u0159e\u0161en\u00edm pro rodiny s d\u011btmi, kte\u0159\u00ed si cht\u011bj\u00ed u\u017e\u00edt skv\u011blou dovolenou, kter\u00e1 bude pro\u017eita v klidu a v pokoji. Na\u0161e karavany jsou prost\u011b jedny z nejlep\u0161\u00edch na trhu. P\u016fj\u010dovna karavan\u016f \u010dek\u00e1 pr\u00e1v\u011b na V\u00e1s! N\u00e1\u0161 z\u00e1kazn\u00edk, n\u00e1\u0161 p\u00e1n Na\u0161e spole\u010dnost p\u016fj\u010dovna karavan\u016f se z\u00e1sadn\u011b \u0159\u00edd\u00ed heslem \u201en\u00e1\u0161 z\u00e1kazn\u00edk, n\u00e1\u0161 p\u00e1n\u201c....<p class=\"read-more\"><a class=\"btn btn-default\" href=\"https:\/\/www.stecomp.cz\/pujcovna-karavanu\/\"> \u010c\u00edst d\u00e1le<span class=\"screen-reader-text\">  \u010c\u00edst d\u00e1le<\/span><\/a><\/p>","datePublished":"2025-02-05","dateModified":"2025-02-05","author":{"@type":"Person","@id":"https:\/\/www.stecomp.cz\/author\/#Person","name":"stecomp.cz\n","url":"https:\/\/www.stecomp.cz\/author\/","identifier":1,"image":{"@type":"ImageObject","@id":"https:\/\/secure.gravatar.com\/avatar\/9478c3014fb8763e2a18691ad6bf83eff86429738afad80df8227ac472865e36?s=96&d=mm&r=g","url":"https:\/\/secure.gravatar.com\/avatar\/9478c3014fb8763e2a18691ad6bf83eff86429738afad80df8227ac472865e36?s=96&d=mm&r=g","height":96,"width":96}},"publisher":{"@type":"Organization","name":"stecomp.cz","logo":{"@type":"ImageObject","@id":"\/logo.png","url":"\/logo.png","width":600,"height":60}},"url":"https:\/\/www.stecomp.cz\/pujcovna-karavanu\/","wordCount":154,"articleBody":"Karavany od na\u0161\u00ed spole\u010dnosti jsou odzkou\u0161eny ji\u017e mnoha lidmi, kte\u0159\u00ed nev\u00e1hali a vyp\u016fj\u010dili si n\u011bkter\u00fd z na\u0161ich karavan\u016f. Na\u0161im slu\u017eb\u00e1m se \u017e\u00e1dn\u00e9 jin\u00e9 nemohou v\u016fbec rovnatNa\u0161e karavany jsou ide\u00e1ln\u00edm \u0159e\u0161en\u00edm pro rodiny s d\u011btmi, kte\u0159\u00ed si cht\u011bj\u00ed u\u017e\u00edt skv\u011blou dovolenou, kter\u00e1 bude pro\u017eita v klidu a v pokoji. Na\u0161e karavany jsou prost\u011b jedny z nejlep\u0161\u00edch na trhu. P\u016fj\u010dovna karavan\u016f \u010dek\u00e1 pr\u00e1v\u011b na V\u00e1s!N\u00e1\u0161 z\u00e1kazn\u00edk, n\u00e1\u0161 p\u00e1nNa\u0161e spole\u010dnost p\u016fj\u010dovna karavan\u016f se z\u00e1sadn\u011b \u0159\u00edd\u00ed heslem \u201en\u00e1\u0161 z\u00e1kazn\u00edk, n\u00e1\u0161 p\u00e1n\u201c. Bude pro n\u00e1s skute\u010dn\u011b ct\u00ed, pokud budeme moci vykouzlit \u00fasm\u011bv pr\u00e1v\u011b i na Va\u0161\u00ed tv\u00e1\u0159i! p\u016fj\u010dovna karavan\u016f se bude sna\u017eit o Va\u0161i maxim\u00e1ln\u00ed spokojenost!                                                                                                                                                                                                                                                                                                                                                                                        3\/5 - (2 votes)        "},{"@context":"https:\/\/schema.org\/","@type":"BreadcrumbList","itemListElement":[{"@type":"ListItem","position":1,"name":"P\u016fj\u010dovna karavan\u016f","item":"https:\/\/www.stecomp.cz\/pujcovna-karavanu\/#breadcrumbitem"}]}]