[{"@context":"https:\/\/schema.org\/","@type":"Article","@id":"https:\/\/www.stecomp.cz\/nejlepsi-pro-vase-kolo\/#Article","mainEntityOfPage":"https:\/\/www.stecomp.cz\/nejlepsi-pro-vase-kolo\/","headline":"Nejlep\u0161\u00ed pro va\u0161e kolo","name":"Nejlep\u0161\u00ed pro va\u0161e kolo","description":"Star\u00e1te se o sv\u016fj bicykl, jako kdyby byl sou\u010d\u00e1st\u00ed rodiny? To \u017eeny maj\u00ed jist\u011b r\u00e1dy, ale \u010dasto je to je\u0161t\u011b hor\u0161\u00ed a to v\u00a0p\u0159\u00edpad\u011b, \u017ee m\u00e1te sv\u016fj vlastn\u00ed v\u016fz, kter\u00fd je\u0161t\u011b v\u00edce nezanedb\u00e1v\u00e1te, pr\u00e1v\u011b naopak, v\u011bnujete mu ve\u0161kerou va\u0161i p\u00e9\u010di a voln\u00fd \u010das, abyste jej neust\u00e1le \u010distili a r\u016fzn\u011b se o n\u011bj starali. N\u011bkte\u0159\u00ed p\u00e1nov\u00e9 tak sv\u00e9 vlastn\u00ed vozy myj\u00ed klidn\u011b denn\u011b, a to jak v\u00a0zim\u011b, tak v\u00a0l\u00e9t\u011b, tak\u017ee na tom jist\u011b nejste tak nejh\u016f\u0159, kdy\u017e m\u00e1te jenom, v\u00a0uvozovk\u00e1ch, kolo,...<p class=\"read-more\"><a class=\"btn btn-default\" href=\"https:\/\/www.stecomp.cz\/nejlepsi-pro-vase-kolo\/\"> \u010c\u00edst d\u00e1le<span class=\"screen-reader-text\">  \u010c\u00edst d\u00e1le<\/span><\/a><\/p>","datePublished":"2024-11-02","dateModified":"2024-11-02","author":{"@type":"Person","@id":"https:\/\/www.stecomp.cz\/author\/#Person","name":"stecomp.cz\n","url":"https:\/\/www.stecomp.cz\/author\/","identifier":1,"image":{"@type":"ImageObject","@id":"https:\/\/secure.gravatar.com\/avatar\/9478c3014fb8763e2a18691ad6bf83eff86429738afad80df8227ac472865e36?s=96&d=mm&r=g","url":"https:\/\/secure.gravatar.com\/avatar\/9478c3014fb8763e2a18691ad6bf83eff86429738afad80df8227ac472865e36?s=96&d=mm&r=g","height":96,"width":96}},"publisher":{"@type":"Organization","name":"stecomp.cz","logo":{"@type":"ImageObject","@id":"\/logo.png","url":"\/logo.png","width":600,"height":60}},"url":"https:\/\/www.stecomp.cz\/nejlepsi-pro-vase-kolo\/","wordCount":257,"articleBody":"\tStar\u00e1te se o sv\u016fj bicykl, jako kdyby byl sou\u010d\u00e1st\u00ed rodiny? To \u017eeny maj\u00ed jist\u011b r\u00e1dy, ale \u010dasto je to je\u0161t\u011b hor\u0161\u00ed a to v\u00a0p\u0159\u00edpad\u011b, \u017ee m\u00e1te sv\u016fj vlastn\u00ed v\u016fz, kter\u00fd je\u0161t\u011b v\u00edce nezanedb\u00e1v\u00e1te, pr\u00e1v\u011b naopak, v\u011bnujete mu ve\u0161kerou va\u0161i p\u00e9\u010di a voln\u00fd \u010das, abyste jej neust\u00e1le \u010distili a r\u016fzn\u011b se o n\u011bj starali. N\u011bkte\u0159\u00ed p\u00e1nov\u00e9 tak sv\u00e9 vlastn\u00ed vozy myj\u00ed klidn\u011b denn\u011b, a to jak v\u00a0zim\u011b, tak v\u00a0l\u00e9t\u011b, tak\u017ee na tom jist\u011b nejste tak nejh\u016f\u0159, kdy\u017e m\u00e1te jenom, v\u00a0uvozovk\u00e1ch, kolo, kter\u00e9 pot\u0159ebuje ob\u010dasnou \u00fadr\u017ebu, a tolik \u010dasu mu zase v\u011bnovat nemus\u00edte. \u010cas od \u010dasu je dobr\u00e9 p\u0159ed namaz\u00e1n\u00edm ud\u011blat prob\u00edrku, tedy s\u00a0\u010di\u0161t\u011bn\u00edm \u0159et\u011bz\u016f si jist\u011b hrav\u011b porad\u00edte i sami, ale rozhodn\u011b je pro tyto \u00fa\u010dely lep\u0161\u00ed po\u0159\u00eddit si soupravu, kter\u00e1 je k\u00a0tomu ur\u010den\u00e1. Na profesion\u00e1ln\u00ed \u00farovni si tak budete moci ud\u011blat i doma po\u0159\u00e1dnou \u00fadr\u017ebu, kter\u00e1 se v\u00e1m jist\u011b v\u00a0budoucnu vyplat\u00ed.\tNajet\u00e9 kilometryTy u\u017e v\u00e1s nikdy nezklamou, pokud budete m\u00edt v\u017edy profesion\u00e1ln\u011b nastaven\u00e9 v\u0161echno pot\u0159ebn\u00e9, co k\u00a0dan\u00e9mu sportu pot\u0159ebujete. Va\u0161e najet\u00e9 kilometry se tak zlep\u0161\u00ed a \u017eivotnost v\u0161ech pot\u0159ebn\u00fdch prvk\u016f na va\u0161em kole se samoz\u0159ejm\u011b prodlou\u017e\u00ed, kdy\u017e se o n\u011b budete vzorn\u011b starat.\u00a0                                                                                                                                                                                                                                                                                                                                                                                        5\/5 - (3 votes)        "},{"@context":"https:\/\/schema.org\/","@type":"BreadcrumbList","itemListElement":[{"@type":"ListItem","position":1,"name":"Nejlep\u0161\u00ed pro va\u0161e kolo","item":"https:\/\/www.stecomp.cz\/nejlepsi-pro-vase-kolo\/#breadcrumbitem"}]}]