[{"@context":"https:\/\/schema.org\/","@type":"Article","@id":"https:\/\/www.stecomp.cz\/na-co-vas-stehovaci-nemusi-upozornit\/#Article","mainEntityOfPage":"https:\/\/www.stecomp.cz\/na-co-vas-stehovaci-nemusi-upozornit\/","headline":"Na co v\u00e1s st\u011bhov\u00e1ci nemus\u00ed upozornit","name":"Na co v\u00e1s st\u011bhov\u00e1ci nemus\u00ed upozornit","description":"St\u011bhov\u00e1n\u00ed je velmi n\u00e1ro\u010dn\u00fd \u017eivotn\u00ed krok, kter\u00fd prov\u00e1z\u00ed \u0159ada drobn\u00fdch \u00fakon\u016f. M\u016f\u017ee se st\u00e1t, \u017ee na n\u011bkter\u00fd z nich zapomenete, a to se pak projev\u00ed v z\u00e1v\u011bru cel\u00e9 akce. St\u011bhovac\u00ed firma v\u00e1s m\u016f\u017ee na ur\u010dit\u00e9 z\u00e1le\u017eitosti upozornit a poradit v\u00e1m, ale rozhodn\u011b nemus\u00ed pojmout v\u0161echna \u00faskal\u00ed. Spol\u00e9hejte se tedy zejm\u00e9na na sv\u00e9 vlastn\u00ed schopnosti a na svou intuici a v\u011bnujte mnoho \u010dasu hlavn\u011b preventivn\u00edm opat\u0159en\u00edm a p\u0159\u00edpravn\u00e9 f\u00e1zi. Parkov\u00e1n\u00ed \u2013 zejm\u00e9na v pr\u016fb\u011bhu levn\u00e9ho st\u011bhov\u00e1n\u00ed v Praze http:\/\/www.odnesto.cz\/levne-stehovani-praha\/ mus\u00edte pamatovat...<p class=\"read-more\"><a class=\"btn btn-default\" href=\"https:\/\/www.stecomp.cz\/na-co-vas-stehovaci-nemusi-upozornit\/\"> \u010c\u00edst d\u00e1le<span class=\"screen-reader-text\">  \u010c\u00edst d\u00e1le<\/span><\/a><\/p>","datePublished":"2022-12-26","dateModified":"2023-09-27","author":{"@type":"Person","@id":"https:\/\/www.stecomp.cz\/author\/#Person","name":"stecomp.cz\n","url":"https:\/\/www.stecomp.cz\/author\/","identifier":1,"image":{"@type":"ImageObject","@id":"https:\/\/secure.gravatar.com\/avatar\/9478c3014fb8763e2a18691ad6bf83eff86429738afad80df8227ac472865e36?s=96&d=mm&r=g","url":"https:\/\/secure.gravatar.com\/avatar\/9478c3014fb8763e2a18691ad6bf83eff86429738afad80df8227ac472865e36?s=96&d=mm&r=g","height":96,"width":96}},"publisher":{"@type":"Organization","name":"stecomp.cz","logo":{"@type":"ImageObject","@id":"\/logo.png","url":"\/logo.png","width":600,"height":60}},"image":{"@type":"ImageObject","@id":"https:\/\/www.stecomp.cz\/wp-content\/uploads\/cat-g313af6b12_640.jpg","url":"https:\/\/www.stecomp.cz\/wp-content\/uploads\/cat-g313af6b12_640.jpg","height":0,"width":0},"url":"https:\/\/www.stecomp.cz\/na-co-vas-stehovaci-nemusi-upozornit\/","about":["Business"],"wordCount":443,"articleBody":"   St\u011bhov\u00e1n\u00ed je velmi n\u00e1ro\u010dn\u00fd \u017eivotn\u00ed krok, kter\u00fd prov\u00e1z\u00ed \u0159ada drobn\u00fdch \u00fakon\u016f. M\u016f\u017ee se st\u00e1t, \u017ee na n\u011bkter\u00fd z nich zapomenete, a to se pak projev\u00ed v z\u00e1v\u011bru cel\u00e9 akce. St\u011bhovac\u00ed firma v\u00e1s m\u016f\u017ee na ur\u010dit\u00e9 z\u00e1le\u017eitosti upozornit a poradit v\u00e1m, ale rozhodn\u011b nemus\u00ed pojmout v\u0161echna \u00faskal\u00ed. Spol\u00e9hejte se tedy zejm\u00e9na na sv\u00e9 vlastn\u00ed schopnosti a na svou intuici a v\u011bnujte mnoho \u010dasu hlavn\u011b preventivn\u00edm opat\u0159en\u00edm a p\u0159\u00edpravn\u00e9 f\u00e1zi.Parkov\u00e1n\u00ed \u2013 zejm\u00e9na v pr\u016fb\u011bhu levn\u00e9ho st\u011bhov\u00e1n\u00ed v Praze http:\/\/www.odnesto.cz\/levne-stehovani-praha\/ mus\u00edte pamatovat na zaji\u0161t\u011bn\u00ed parkovac\u00edho m\u00edsta pro st\u011bhovac\u00ed v\u016fz. Na toto nesm\u00edte zapomenout, jinak se st\u011bhov\u00e1n\u00ed neuskute\u010dn\u00ed! Je zde je\u0161t\u011b jeden z\u00e1drhel \u2013 o parkovac\u00ed m\u00edsto mus\u00edte po\u017e\u00e1dat v\u010das, resp. \u00fa\u0159edn\u00edci maj\u00ed na vy\u0159\u00edzen\u00ed va\u0161eho po\u017eadavku cel\u00fd m\u011bs\u00edc, tedy rovn\u00fdch t\u0159icet kalend\u00e1\u0159n\u00edch dn\u016f. Myslete na to p\u0159edem a n\u011bkam si zapi\u0161te, \u017ee parkovac\u00ed m\u00edsto je jedn\u00edm z nejd\u016fle\u017eit\u011bj\u0161\u00edch \u00fakon\u016f je\u0161t\u011b p\u0159ed st\u011bhov\u00e1n\u00edm. M\u00edsto si pak den p\u0159ed st\u011bhov\u00e1n\u00edm rad\u011bji mechanicky zabezpe\u010dte, aby tam nikdo neparkoval a nemuseli jste situaci komplikovat vol\u00e1n\u00edm m\u011bstsk\u00e9 policie.Odpojen\u00ed plynov\u00fdch spot\u0159ebi\u010d\u016f \u2013 st\u011bhuje se s v\u00e1mi plynov\u00fd spor\u00e1k, karma nebo kotel? Pak si mus\u00edte zajistit jejich odpojen\u00ed odborn\u00edkem \u2013 instalat\u00e9rem plyna\u0159em. Rozhodn\u011b se do toho nepou\u0161t\u011bjte sami, proto\u017ee p\u0159\u00edpadn\u00fd \u00fanik zemn\u00edho plynu by mohl velmi snadno zp\u016fsobit nebezpe\u010dnou explozi. P\u0159i v\u00fdbuchu plynu jde o \u017eivot nejen v\u00e1m, ale i va\u0161im soused\u016fm a dal\u0161\u00edm lidem v okol\u00ed.N\u00e1jemn\u00ed smlouva a odb\u011br energi\u00ed \u2013 ve\u0161ker\u00e9 administrativn\u00ed \u00fakony spojen\u00e9 se zm\u011bnou bydli\u0161t\u011b si mus\u00edte ohl\u00eddat sami. Tam pat\u0159\u00ed zejm\u00e9na n\u00e1jemn\u00ed vztahy, tedy jak s b\u00fdval\u00fdm pronaj\u00edmatelem, tak i s t\u00edm nast\u00e1vaj\u00edc\u00edm. Mus\u00edte dodr\u017eet v\u0161echny p\u0159edem dohodnut\u00e9 term\u00edny opu\u0161t\u011bn\u00ed bytu, ode\u010dtu m\u011b\u0159idel topen\u00ed, elektrom\u011bru, vodom\u011bru a plynom\u011bru a tak\u00e9 odhl\u00e1\u0161en\u00ed a p\u0159ihl\u00e1\u0161en\u00ed dod\u00e1vky energi\u00ed pro ob\u011b odb\u011brov\u00e1 m\u00edsta. Nesm\u00edte tu ud\u011blat \u017e\u00e1dnou chybu a nen\u00ed to legrace, pokud n\u011bco nezvl\u00e1dnete, proto\u017ee \u00fa\u0159edn\u00edci v\u00e1m nic neodpust\u00ed.                                                                                                                                                                                                                                                                                                                                                                                          4.1\/5 - (17 votes)        "},{"@context":"https:\/\/schema.org\/","@type":"BreadcrumbList","itemListElement":[{"@type":"ListItem","position":1,"name":"Na co v\u00e1s st\u011bhov\u00e1ci nemus\u00ed upozornit","item":"https:\/\/www.stecomp.cz\/na-co-vas-stehovaci-nemusi-upozornit\/#breadcrumbitem"}]}]