[{"@context":"https:\/\/schema.org\/","@type":"Article","@id":"https:\/\/www.stecomp.cz\/krasna-i-po-cviceni-zadny-problem\/#Article","mainEntityOfPage":"https:\/\/www.stecomp.cz\/krasna-i-po-cviceni-zadny-problem\/","headline":"Kr\u00e1sn\u00e1 i po cvi\u010den\u00ed? \u017d\u00e1dn\u00fd probl\u00e9m!","name":"Kr\u00e1sn\u00e1 i po cvi\u010den\u00ed? \u017d\u00e1dn\u00fd probl\u00e9m!","description":"Vhodn\u00e9 m\u00edsto \u00a0 Z\u0159\u00edk\u00e1te se cvi\u010den\u00ed kv\u016fli nedostatku \u010dasu. Ob\u00e1v\u00e1te se, \u017ee byste p\u0159i\u0161la pozd\u011b do pr\u00e1ce? Kdy\u017e si vybere p\u0159i vstupu do t\u011blocvi\u010dny nebo fitka vhodn\u00e9 m\u00edsto hned u dve\u0159\u00ed, rychle se pak zase p\u0159esunete ven. Vyhnete se front\u011b ve dve\u0159\u00edch, ve spr\u0161e i v \u0161atn\u00e1ch. Pokud opravdu nem\u00e1te \u010dasu nazbyt odejd\u011bte z t\u011blocvi\u010dny je\u0161t\u011b p\u0159ed z\u00e1v\u011bre\u010dn\u00fdm protahov\u00e1n\u00edm. Ani o n\u011b v\u0161ak nep\u0159ijdete. Svaly lehce uvoln\u00edte ve spr\u0161e nebo v \u0161atn\u011b. \u00a0 Dokonal\u00fd \u00fa\u010des \u00a0 Pokud \u010dasto chv\u00e1t\u00e1te, rozhodn\u011b...<p class=\"read-more\"><a class=\"btn btn-default\" href=\"https:\/\/www.stecomp.cz\/krasna-i-po-cviceni-zadny-problem\/\"> \u010c\u00edst d\u00e1le<span class=\"screen-reader-text\">  \u010c\u00edst d\u00e1le<\/span><\/a><\/p>","datePublished":"2025-03-04","dateModified":"2023-05-02","author":{"@type":"Person","@id":"https:\/\/www.stecomp.cz\/author\/#Person","name":"stecomp.cz\n","url":"https:\/\/www.stecomp.cz\/author\/","identifier":1,"image":{"@type":"ImageObject","@id":"https:\/\/secure.gravatar.com\/avatar\/9478c3014fb8763e2a18691ad6bf83eff86429738afad80df8227ac472865e36?s=96&d=mm&r=g","url":"https:\/\/secure.gravatar.com\/avatar\/9478c3014fb8763e2a18691ad6bf83eff86429738afad80df8227ac472865e36?s=96&d=mm&r=g","height":96,"width":96}},"publisher":{"@type":"Organization","name":"stecomp.cz","logo":{"@type":"ImageObject","@id":"\/logo.png","url":"\/logo.png","width":600,"height":60}},"image":{"@type":"ImageObject","@id":"https:\/\/www.stecomp.cz\/wp-content\/uploads\/img_a287937_w2190_t1498494771.jpg","url":"https:\/\/www.stecomp.cz\/wp-content\/uploads\/img_a287937_w2190_t1498494771.jpg","height":0,"width":0},"url":"https:\/\/www.stecomp.cz\/krasna-i-po-cviceni-zadny-problem\/","about":["Sport"],"wordCount":654,"articleBody":"Vhodn\u00e9 m\u00edsto\u00a0Z\u0159\u00edk\u00e1te se cvi\u010den\u00ed kv\u016fli nedostatku \u010dasu. Ob\u00e1v\u00e1te se, \u017ee byste p\u0159i\u0161la pozd\u011b do pr\u00e1ce? Kdy\u017e si vybere p\u0159i vstupu do t\u011blocvi\u010dny nebo fitka vhodn\u00e9 m\u00edsto hned u dve\u0159\u00ed, rychle se pak zase p\u0159esunete ven. Vyhnete se front\u011b ve dve\u0159\u00edch, ve spr\u0161e i v \u0161atn\u00e1ch. Pokud opravdu nem\u00e1te \u010dasu nazbyt odejd\u011bte z t\u011blocvi\u010dny je\u0161t\u011b p\u0159ed z\u00e1v\u011bre\u010dn\u00fdm protahov\u00e1n\u00edm. Ani o n\u011b v\u0161ak nep\u0159ijdete. Svaly lehce uvoln\u00edte ve spr\u0161e nebo v \u0161atn\u011b.\u00a0Dokonal\u00fd \u00fa\u010des\u00a0Pokud \u010dasto chv\u00e1t\u00e1te, rozhodn\u011b se nau\u010dte pou\u017e\u00edvat such\u00fd \u0161ampon. Vyu\u017eijete ho nejen po cvi\u010den\u00ed, ale t\u0159eba i na cest\u00e1ch. Ne\u017e nanesete such\u00fd \u0161ampon, vysu\u0161te si zpocen\u00e9 vlasy u ko\u0159\u00ednk\u016f f\u00e9nem nastaven\u00fdm na studen\u00fd vzduch. P\u0159\u00edpravek se v\u00e1m tak k vlhk\u00fdm vlas\u016fm nep\u0159ilep\u00ed. \u0160ampon nechte minutu p\u016fsobit, vlasy roz\u010de\u0161te a o\u017eivte p\u0159\u00edpravkem pro po\u017eadovan\u00fd tvar.\u00a0Skv\u011bl\u00fd make-up\u00a0Dokonal\u00fd make-up je samoz\u0159ejmost\u00ed pro ka\u017edou \u017eenu a pokud jdete z t\u011blocvi\u010dny rovnou do pr\u00e1ce, mus\u00edte se na l\u00ed\u010den\u00ed dob\u0159e p\u0159ipravit. Ve\u010der, nebo r\u00e1no si do kosmetick\u00e9 ta\u0161ti\u010dky p\u0159ibalte l\u00ed\u010didla, kter\u00e1 snadno nanesete. Jde zejm\u00e9na o BB, CC kr\u00e9m, nebo o kr\u00e9m s ozna\u010den\u00edm BLUR, kr\u00e9mov\u00e9 o\u010dn\u00ed st\u00edny a kr\u00e9movou tv\u00e1\u0159enku. V\u0161echna tato l\u00ed\u010didla se jednodu\u0161e, bez probl\u00e9mu a hlavn\u011b rychle aplikuj\u00ed.L\u00ed\u010den\u00ed zakon\u010dete rt\u011bnkou nebo leskem na rty a samoz\u0159ejm\u011b \u0159asenkou.\u00a0A je\u0161t\u011b pro v\u00e1s m\u00e1me jeden dobr\u00fd typ. Pokud jste po cvi\u010den\u00ed p\u0159\u00edli\u0161 rozeh\u0159\u00e1t\u00e1 a je to na va\u0161em obli\u010deji hodn\u011b vid\u011bt, okam\u017eit\u011b po cvi\u010den\u00ed vypijte skleni\u010dku ledov\u00e9 vody, obli\u010dej si opl\u00e1chn\u011bte studenou vodou a pokud je to t\u0159eba, chla\u010fte si po n\u011bkolik minut ve studen\u00e9 vod\u011b z\u00e1p\u011bst\u00ed. Va\u0161e teplota a tep se po chv\u00edli op\u011bt vr\u00e1t\u00ed do norm\u00e1ln\u00edho stavu.\u00a0Dokonal\u00e1 manik\u016fra.\u00a0Ob\u00e1v\u00e1te se, \u017ee si p\u0159i cvi\u010den\u00ed zni\u010d\u00edte manik\u016fru? Je to pro v\u00e1s d\u016fvod, kv\u016fli kter\u00e9mu cvi\u010den\u00ed odkl\u00e1d\u00e1te? Potom lakov\u00e1n\u00ed neht\u016f v\u011bnujte dostate\u010dn\u00e9 mno\u017estv\u00ed \u010dasu a opravdu poctiv\u011b naneste podkladovou b\u00e1zi, dv\u011b vrstvy barvy a nav\u00edc horn\u00ed ochrann\u00fd lak.A nebo rovnou zvolte gelovou manik\u016fru, kter\u00e1 vydr\u017e\u00ed opravdu v\u0161echno.S takovouto p\u0159\u00edpravou se n\u00e1v\u0161t\u011bvy t\u011blocvi\u010dny nemus\u00edte v\u016fbec ob\u00e1vat.\u00a0\u00a0Aby netrp\u011bla ple\u0165\u00a0Pokud m\u00e1te po cvi\u010den\u00ed probl\u00e9my s plet\u00ed, zjist\u011bte, co p\u0159esn\u011b va\u0161\u00ed pleti vad\u00ed a nau\u010dte se tomu p\u0159edch\u00e1zet. Jestli\u017ee se v\u00e1m po v\u011bt\u0161\u00edm v\u00fdkonu objevuj\u00ed na obli\u010deji nebo jinde na t\u011ble pup\u00ednky, m\u016f\u017ee za to pot a p\u0159ebyte\u010dn\u00fd maz. Potom si ihned po cvi\u010den\u00ed opl\u00e1chn\u011bte obli\u010dej, abyste z n\u011bj ne\u010distoty a pot smyla. Tak\u00e9 m\u016f\u017eete obli\u010dej i t\u011blo o\u0161et\u0159it p\u0159\u00edpravkem s kyselinou salicyovou a rozhodn\u011b se po osprchov\u00e1n\u00ed p\u0159evl\u00e9kn\u011bte do \u010dist\u00e9ho oble\u010den\u00ed.Pokud trp\u00edte na vznik tmav\u00fdch skvrn, nezapome\u0148te ple\u0165 p\u0159i cvi\u010den\u00ed venku o\u0161et\u0159it ochrann\u00fdch prost\u0159edkem s filtrem proti UV z\u00e1\u0159en\u00ed. Pr\u00e1v\u011b UV z\u00e1\u0159en\u00ed toti\u017e tvorbu pigmentu podporuje. Pokud se v\u00e1m ji\u017e n\u011bjak\u00e9 nep\u011bkn\u00e9 skvrny vytvo\u0159ily, pravideln\u011b obli\u010dej o\u0161et\u0159ujte s\u00e9rem proti pigmentov\u00fdm skvrn\u00e1m s vitam\u00ednem C, nebo s kyselinou salicyovou.                                                                                                                                                                                                                                                                                                                                                                                        3.7\/5 - (3 votes)        "},{"@context":"https:\/\/schema.org\/","@type":"BreadcrumbList","itemListElement":[{"@type":"ListItem","position":1,"name":"Kr\u00e1sn\u00e1 i po cvi\u010den\u00ed? \u017d\u00e1dn\u00fd probl\u00e9m!","item":"https:\/\/www.stecomp.cz\/krasna-i-po-cviceni-zadny-problem\/#breadcrumbitem"}]}]