[{"@context":"https:\/\/schema.org\/","@type":"Article","@id":"https:\/\/www.stecomp.cz\/jakekoli-zvire-se-muze-stat-vasim-domacim-mazlickem\/#Article","mainEntityOfPage":"https:\/\/www.stecomp.cz\/jakekoli-zvire-se-muze-stat-vasim-domacim-mazlickem\/","headline":"Jak\u00e9koli zv\u00ed\u0159e se m\u016f\u017ee st\u00e1t va\u0161im dom\u00e1c\u00edm mazl\u00ed\u010dkem!","name":"Jak\u00e9koli zv\u00ed\u0159e se m\u016f\u017ee st\u00e1t va\u0161im dom\u00e1c\u00edm mazl\u00ed\u010dkem!","description":"Tou\u017e\u00edte po n\u011bjak\u00e9m zv\u00ed\u0159eti v\u00a0dom\u00e1cnosti, ale hrav\u00e9 \u0161t\u011bn\u011b vy\u017eaduj\u00edc\u00ed ven\u010den\u00ed nen\u00ed va\u0161e ide\u00e1ln\u00ed p\u0159edstava, pop\u0159\u00edpad\u011b m\u00e1te alergii na ps\u00ed chlupy, a to v\u00e1m znemo\u017e\u0148uje po\u0159\u00eddit si psa nebo ko\u010dku? Nebo jen tou\u017e\u00edte po n\u011b\u010dem odli\u0161n\u00e9m, ne\u017e co maj\u00ed v\u0161ichni okolo v\u00e1s? Nic nen\u00ed ztraceno \u2013 mo\u017enost\u00ed m\u00e1te v\u00a0dne\u0161n\u00ed dob\u011b nespo\u010det a v\u00a0\u0161irok\u00e9 \u0161k\u00e1le nab\u00eddek si ka\u017ed\u00fd p\u0159ijde na sv\u00e9. Tich\u00fd spole\u010dn\u00edk Pokud se c\u00edt\u00edte osam\u011ble, ale na druhou stranu nechcete v\u00a0byt\u011b nic hlu\u010dn\u00e9ho, co v\u00e1s bude ru\u0161it p\u0159i pr\u00e1ci nebo...<p class=\"read-more\"><a class=\"btn btn-default\" href=\"https:\/\/www.stecomp.cz\/jakekoli-zvire-se-muze-stat-vasim-domacim-mazlickem\/\"> \u010c\u00edst d\u00e1le<span class=\"screen-reader-text\">  \u010c\u00edst d\u00e1le<\/span><\/a><\/p>","datePublished":"2023-05-02","dateModified":"2023-05-02","author":{"@type":"Person","@id":"https:\/\/www.stecomp.cz\/author\/#Person","name":"stecomp.cz\n","url":"https:\/\/www.stecomp.cz\/author\/","identifier":1,"image":{"@type":"ImageObject","@id":"https:\/\/secure.gravatar.com\/avatar\/9478c3014fb8763e2a18691ad6bf83eff86429738afad80df8227ac472865e36?s=96&d=mm&r=g","url":"https:\/\/secure.gravatar.com\/avatar\/9478c3014fb8763e2a18691ad6bf83eff86429738afad80df8227ac472865e36?s=96&d=mm&r=g","height":96,"width":96}},"publisher":{"@type":"Organization","name":"stecomp.cz","logo":{"@type":"ImageObject","@id":"\/logo.png","url":"\/logo.png","width":600,"height":60}},"url":"https:\/\/www.stecomp.cz\/jakekoli-zvire-se-muze-stat-vasim-domacim-mazlickem\/","about":["Zv\u00ed\u0159ata"],"wordCount":465,"articleBody":"Tou\u017e\u00edte po n\u011bjak\u00e9m zv\u00ed\u0159eti v\u00a0dom\u00e1cnosti, ale hrav\u00e9 \u0161t\u011bn\u011b vy\u017eaduj\u00edc\u00ed ven\u010den\u00ed nen\u00ed va\u0161e ide\u00e1ln\u00ed p\u0159edstava, pop\u0159\u00edpad\u011b m\u00e1te alergii na ps\u00ed chlupy, a to v\u00e1m znemo\u017e\u0148uje po\u0159\u00eddit si psa nebo ko\u010dku? Nebo jen tou\u017e\u00edte po n\u011b\u010dem odli\u0161n\u00e9m, ne\u017e co maj\u00ed v\u0161ichni okolo v\u00e1s? Nic nen\u00ed ztraceno \u2013 mo\u017enost\u00ed m\u00e1te v\u00a0dne\u0161n\u00ed dob\u011b nespo\u010det a v\u00a0\u0161irok\u00e9 \u0161k\u00e1le nab\u00eddek si ka\u017ed\u00fd p\u0159ijde na sv\u00e9.\tTich\u00fd spole\u010dn\u00edkPokud se c\u00edt\u00edte osam\u011ble, ale na druhou stranu nechcete v\u00a0byt\u011b nic hlu\u010dn\u00e9ho, co v\u00e1s bude ru\u0161it p\u0159i pr\u00e1ci nebo relaxaci, nab\u00edz\u00ed se v\u00e1m mo\u017enost po\u0159\u00eddit si n\u011bco exoti\u010dt\u011bj\u0161\u00edho:1.\u00a0\u00a0\u00a0\u00a0\u00a0\u00a0 Plaz jako nap\u0159\u00edklad had nebo chameleon, pop\u0159\u00edpad\u011b t\u0159eba \u017eelva. \u017d\u00e1dn\u00e9 z\u00a0t\u011bchto zv\u00ed\u0159at nevy\u017eaduje p\u0159\u00edli\u0161nou pozornost, a jist\u011b uspokoj\u00ed va\u0161i pot\u0159ebu m\u00edt okolo sebe \u017eivou bytost. Nicm\u00e9n\u011b je t\u0159eba po\u010d\u00edtat s\u00a0n\u00e1ro\u010dn\u011bj\u0161\u00edm chovem a v\u00fddaji za vhodn\u00e9 prost\u0159ed\u00ed pro \u017eivot takov\u00e9ho zv\u00ed\u0159ete.2.\u00a0\u00a0\u00a0\u00a0\u00a0\u00a0 Pavouk. Mo\u017en\u00e1 v\u00e1m to na prvn\u00ed pohled nep\u0159ijde, ale i pavouci jsou velice p\u0159\u00edtuln\u00ed spole\u010dn\u00edci, kte\u0159\u00ed r\u00e1di vyhled\u00e1vaj\u00ed teplo lidsk\u00e9ho t\u011bla, a proto se \u010dasto us\u00eddl\u00ed v\u00a0kaps\u00e1ch oble\u010den\u00ed nebo na rameni sv\u00e9ho chovatele. Stejn\u011b jako u plaz\u016f je v\u0161ak nutn\u00e9 obstarat vhodn\u00e9 prost\u0159ed\u00ed v\u00a0podob\u011b ter\u00e1ria.\tPichlav\u011bj\u0161\u00ed spole\u010dn\u00edkV\u00a0sou\u010dasn\u00e9 dob\u011b se st\u00e1v\u00e1 trendem, \u017ee si \u010d\u00edm d\u00e1l v\u00edce lid\u00ed po\u0159izuje za dom\u00e1c\u00edho mazl\u00ed\u010dka je\u017eka. Pokud pat\u0159\u00edte k\u00a0t\u011bm, kte\u0159\u00ed si cht\u011bj\u00ed po\u0159\u00eddit takhle nezvykl\u00e9 zv\u00ed\u0159e, mus\u00edte po\u010d\u00edtat s\u00a0t\u00edm, \u017ee budete m\u00edt \u010dasto pop\u00edchan\u00e9 prsty nebo budete nal\u00e9zat bodl\u00e1ky v\u00a0oble\u010den\u00ed. Taky je t\u0159eba si uv\u011bdomit, \u017ee je\u017eek je no\u010dn\u00ed tvor, kter\u00fd p\u0159es den sp\u00ed, a nave\u010der za\u010d\u00edn\u00e1 b\u00fdt aktivn\u00ed, tak\u017ee s\u00a0klidn\u00fdm sp\u00e1nkem se nejsp\u00ed\u0161 budete muset rozlou\u010dit.\tNeobvykl\u00fd spole\u010dn\u00edkNapadlo v\u00e1s n\u011bkdy chovat \u0161neka? Ne? Zkuste nad t\u00edm pouva\u017eovat. I tohle zv\u00ed\u0159\u00e1tko jinak pova\u017eovan\u00e9 za \u0161k\u016fdce se ji\u017e stalo dom\u00e1c\u00edm mazl\u00ed\u010dkem. Respektive se jim stal ob\u0159\u00ed suchozemsk\u00fd \u0161nek. Tento \u0161nek m\u016f\u017ee vyr\u016fst a\u017e do rozm\u011br\u016f dvaceti centimetr\u016f a je naprosto nen\u00e1ro\u010dn\u00fd na chov. Nav\u00edc je tich\u00fd a nepou\u0161t\u00ed \u017e\u00e1dn\u00e9 chlupy, kter\u00e9 by mohly zp\u016fsobit nep\u0159\u00edjemnosti alergik\u016fm.                                                                                                                                                                                                                                                                                                                                                                                        4.7\/5 - (3 votes)        "},{"@context":"https:\/\/schema.org\/","@type":"BreadcrumbList","itemListElement":[{"@type":"ListItem","position":1,"name":"Jak\u00e9koli zv\u00ed\u0159e se m\u016f\u017ee st\u00e1t va\u0161im dom\u00e1c\u00edm mazl\u00ed\u010dkem!","item":"https:\/\/www.stecomp.cz\/jakekoli-zvire-se-muze-stat-vasim-domacim-mazlickem\/#breadcrumbitem"}]}]