[{"@context":"https:\/\/schema.org\/","@type":"Article","@id":"https:\/\/www.stecomp.cz\/co-vic-si-prat-nez-krasne-ubytovani\/#Article","mainEntityOfPage":"https:\/\/www.stecomp.cz\/co-vic-si-prat-nez-krasne-ubytovani\/","headline":"Co v\u00edc si p\u0159\u00e1t, ne\u017e kr\u00e1sn\u00e9 ubytov\u00e1n\u00ed?","name":"Co v\u00edc si p\u0159\u00e1t, ne\u017e kr\u00e1sn\u00e9 ubytov\u00e1n\u00ed?","description":"Ubytov\u00e1n\u00ed u mo\u0159e bez probl\u00e9mu Pokud chcete \u017e\u00edt na na maximum, tak mus\u00edte vyu\u017e\u00edt na\u0161ich mo\u017enost\u00ed. Chorvatsko ubytov\u00e1n\u00ed V\u00e1m poskytuje komfort, pohodl\u00ed a spokojenost se v\u0161emi na\u0161imi slu\u017ebami. Naleznete tady mnoho kategori\u00ed r\u016fzn\u00fdch poskytovatel\u016f a vyberete si podle Va\u0161ich pen\u011b\u017en\u00edch mo\u017enost\u00ed. Na\u0161e nab\u00eddka je bezkonkuren\u010dn\u00ed. Velk\u00e1 \u0161ance na n\u00e1dhernou dovolenou Na\u0161e katalogy nab\u00edz\u00ed komfortn\u00ed \u0159e\u0161en\u00ed v\u0161ech slu\u017eeb, kter\u00e9 nenaleznete nikde jinde. Chorvatsko ubytov\u00e1n\u00ed bude nejlep\u0161\u00edm \u0159e\u0161en\u00edm, jak si je\u0161t\u011b zp\u0159\u00edjemnit zbytek l\u00e9ta a na\u010derpat nov\u00e9 s\u00edly na zimu a dal\u0161\u00ed...<p class=\"read-more\"><a class=\"btn btn-default\" href=\"https:\/\/www.stecomp.cz\/co-vic-si-prat-nez-krasne-ubytovani\/\"> \u010c\u00edst d\u00e1le<span class=\"screen-reader-text\">  \u010c\u00edst d\u00e1le<\/span><\/a><\/p>","datePublished":"2025-04-19","dateModified":"2025-04-19","author":{"@type":"Person","@id":"https:\/\/www.stecomp.cz\/author\/#Person","name":"stecomp.cz\n","url":"https:\/\/www.stecomp.cz\/author\/","identifier":1,"image":{"@type":"ImageObject","@id":"https:\/\/secure.gravatar.com\/avatar\/9478c3014fb8763e2a18691ad6bf83eff86429738afad80df8227ac472865e36?s=96&d=mm&r=g","url":"https:\/\/secure.gravatar.com\/avatar\/9478c3014fb8763e2a18691ad6bf83eff86429738afad80df8227ac472865e36?s=96&d=mm&r=g","height":96,"width":96}},"publisher":{"@type":"Organization","name":"stecomp.cz","logo":{"@type":"ImageObject","@id":"\/logo.png","url":"\/logo.png","width":600,"height":60}},"url":"https:\/\/www.stecomp.cz\/co-vic-si-prat-nez-krasne-ubytovani\/","wordCount":192,"articleBody":" Ubytov\u00e1n\u00ed u mo\u0159e bez probl\u00e9mu Pokud chcete \u017e\u00edt na na maximum, tak mus\u00edte vyu\u017e\u00edt na\u0161ich mo\u017enost\u00ed. Chorvatsko ubytov\u00e1n\u00ed V\u00e1m poskytuje komfort, pohodl\u00ed a spokojenost se v\u0161emi na\u0161imi slu\u017ebami. Naleznete tady mnoho kategori\u00ed r\u016fzn\u00fdch poskytovatel\u016f a vyberete si podle Va\u0161ich pen\u011b\u017en\u00edch mo\u017enost\u00ed. Na\u0161e nab\u00eddka je bezkonkuren\u010dn\u00ed. Velk\u00e1 \u0161ance na n\u00e1dhernou dovolenou Na\u0161e katalogy nab\u00edz\u00ed komfortn\u00ed \u0159e\u0161en\u00ed v\u0161ech slu\u017eeb, kter\u00e9 nenaleznete nikde jinde. Chorvatsko ubytov\u00e1n\u00ed bude nejlep\u0161\u00edm \u0159e\u0161en\u00edm, jak si je\u0161t\u011b zp\u0159\u00edjemnit zbytek l\u00e9ta a na\u010derpat nov\u00e9 s\u00edly na zimu a dal\u0161\u00ed pracovn\u00ed aktivity. P\u0159ijm\u011bte tedy pozv\u00e1n\u00ed k azurov\u00e9mu pob\u0159e\u017e\u00ed a mo\u0159i, nebudete opravdu zklam\u00e1ni! P\u011bkn\u00e9 apartm\u00e1ny Na\u0161e dlouholet\u00e9 zku\u0161enosti s ubytov\u00e1n\u00edm u Jadersk\u00e9ho mo\u0159e n\u00e1m umo\u017e\u0148uje V\u00e1m nab\u00eddnout pouze ty nejlep\u0161\u00ed slu\u017eby, kter\u00e9 budou nezapomenuteln\u00e9 a na\u0161e p\u011bkn\u00e9 apartm\u00e1ny V\u00e1m umo\u017en\u00ed str\u00e1vit dovolenou v pohodl\u00ed. Chorvatsko ubytov\u00e1n\u00ed je nejlep\u0161\u00ed volba.                                                                                                                                                                                                                                                                                                                                                                                                "},{"@context":"https:\/\/schema.org\/","@type":"BreadcrumbList","itemListElement":[{"@type":"ListItem","position":1,"name":"Co v\u00edc si p\u0159\u00e1t, ne\u017e kr\u00e1sn\u00e9 ubytov\u00e1n\u00ed?","item":"https:\/\/www.stecomp.cz\/co-vic-si-prat-nez-krasne-ubytovani\/#breadcrumbitem"}]}]