[{"@context":"https:\/\/schema.org\/","@type":"Article","@id":"https:\/\/www.stecomp.cz\/co-ve-vidni-kdyz-nejste-fanouskem-muzei-a-galerii\/#Article","mainEntityOfPage":"https:\/\/www.stecomp.cz\/co-ve-vidni-kdyz-nejste-fanouskem-muzei-a-galerii\/","headline":"Co ve Vidni, kdy\u017e nejste fanou\u0161kem muze\u00ed a galeri\u00ed?","name":"Co ve Vidni, kdy\u017e nejste fanou\u0161kem muze\u00ed a galeri\u00ed?","description":"Hrady, z\u00e1mky, kostely \u00a0 Ve V\u00eddni d\u0159\u00edve s\u00eddlili Habsburkov\u00e9, a tak je jasn\u00e9, \u017ee se tu nach\u00e1z\u00ed honosn\u00e9 budovy. Bl\u00edzko st\u0159edu m\u011bsta najdeme Hofburg. Jedn\u00e1 se o pal\u00e1cov\u00fd komplex, kde dnes s\u00eddl\u00ed rakousk\u00fd prezident. Dal\u0161\u00edm pal\u00e1cov\u00fdm komplexem je i Belveder, kter\u00fd byl postaven pro prince Ev\u017eena Savojsk\u00e9ho. Z\u00e1mek Sch\u020dnbrunnse sice nachaz\u00ed d\u00e1le od st\u0159edu m\u011bsta, ale u\u0159\u010dit\u011b stoj\u00ed za to se i tam pod\u00edvat. Krom\u011b n\u00e1dhern\u00fdch zahrad je zde i zoologick\u00e1 zahrada, kde uvid\u00edte slony, hrochy, lvy, pandy nebo t\u0159eba...<p class=\"read-more\"><a class=\"btn btn-default\" href=\"https:\/\/www.stecomp.cz\/co-ve-vidni-kdyz-nejste-fanouskem-muzei-a-galerii\/\"> \u010c\u00edst d\u00e1le<span class=\"screen-reader-text\">  \u010c\u00edst d\u00e1le<\/span><\/a><\/p>","datePublished":"2025-03-02","dateModified":"2023-05-02","author":{"@type":"Person","@id":"https:\/\/www.stecomp.cz\/author\/#Person","name":"stecomp.cz\n","url":"https:\/\/www.stecomp.cz\/author\/","identifier":1,"image":{"@type":"ImageObject","@id":"https:\/\/secure.gravatar.com\/avatar\/9478c3014fb8763e2a18691ad6bf83eff86429738afad80df8227ac472865e36?s=96&d=mm&r=g","url":"https:\/\/secure.gravatar.com\/avatar\/9478c3014fb8763e2a18691ad6bf83eff86429738afad80df8227ac472865e36?s=96&d=mm&r=g","height":96,"width":96}},"publisher":{"@type":"Organization","name":"stecomp.cz","logo":{"@type":"ImageObject","@id":"\/logo.png","url":"\/logo.png","width":600,"height":60}},"image":{"@type":"ImageObject","@id":"https:\/\/www.stecomp.cz\/wp-content\/uploads\/img_a291105_w2190_t1503910729.jpg","url":"https:\/\/www.stecomp.cz\/wp-content\/uploads\/img_a291105_w2190_t1503910729.jpg","height":0,"width":0},"url":"https:\/\/www.stecomp.cz\/co-ve-vidni-kdyz-nejste-fanouskem-muzei-a-galerii\/","about":["Cestov\u00e1n\u00ed"],"wordCount":411,"articleBody":"Hrady, z\u00e1mky, kostely\u00a0Ve V\u00eddni d\u0159\u00edve s\u00eddlili Habsburkov\u00e9, a tak je jasn\u00e9, \u017ee se tu nach\u00e1z\u00ed honosn\u00e9 budovy. Bl\u00edzko st\u0159edu m\u011bsta najdeme Hofburg. Jedn\u00e1 se o pal\u00e1cov\u00fd komplex, kde dnes s\u00eddl\u00ed rakousk\u00fd prezident. Dal\u0161\u00edm pal\u00e1cov\u00fdm komplexem je i Belveder, kter\u00fd byl postaven pro prince Ev\u017eena Savojsk\u00e9ho. Z\u00e1mek Sch\u020dnbrunnse sice nachaz\u00ed d\u00e1le od st\u0159edu m\u011bsta, ale u\u0159\u010dit\u011b stoj\u00ed za to se i tam pod\u00edvat. Krom\u011b n\u00e1dhern\u00fdch zahrad je zde i zoologick\u00e1 zahrada, kde uvid\u00edte slony, hrochy, lvy, pandy nebo t\u0159eba koaly. Stephansdom je katedr\u00e1la, kter\u00e1 se stala symbolem V\u00eddn\u011b. D\u00edky jej\u00ed st\u0159e\u0161e ji ur\u010dit\u011b nep\u0159ehl\u00e9dnete. Za zm\u00ednku stoj\u00ed i Augusti\u00e1nsk\u00fd \u010di Votivn\u00ed kostel.\u00a0Parky a zelen\u00e1 m\u00edsta\u00a0Ve V\u00eddni najdete tak\u00e9 spoustu krasn\u00fdch, upraven\u00fdch park\u016f, kam si nejen V\u00edde\u0148an\u00e9 chod\u00edvaj\u00ed odpo\u010dinout. Pat\u0159\u00ed mezi n\u011b nap\u0159. Volksgarten, kter\u00fd le\u017e\u00ed u Hofburgu nebo Stadtpark, le\u017e\u00edc\u00ed tak\u00e9 bl\u00edzko st\u0159edu V\u00eddn\u011b. Jestli jsou pro v\u00e1s parky ve st\u0159edu m\u011bsta m\u00e1lo, m\u016f\u017eete se j\u00edt proj\u00edt k Dunaji, kde najdete zelen\u011b mnohem v\u00edce.\u00a0Z\u00e1bava, n\u00e1kupy a j\u00eddlo\u00a0Prvn\u00ed m\u00edsto, kter\u00e9 v\u0161echny napadne, je ur\u010dit\u011b slavn\u00fd Pr\u00e1tr, z\u00e1bavn\u00ed park se spoustou nejr\u016fzn\u011bj\u0161\u00edch atrakc\u00ed pro mal\u00e9 i velk\u00e9 n\u00e1v\u0161t\u011bvn\u00edky. Ve V\u00eddni si\u00a0 tak\u00e9 m\u016f\u017eete zaj\u00edt do kina i v p\u0159\u00edpad\u011b, \u017ee n\u011bmecky neum\u00edte ani slovo. Je tam toti\u017e \u010dist\u011b anglick\u00e9 kino. A kam se vydat na n\u00e1kupy? Krom\u011b n\u00e1kupn\u00edch center, kter\u00e1 jsou na ka\u017ed\u00e9m kroku, stoj\u00ed za to se pod\u00edvat naNaschmarkt, co\u017e je tr\u017ei\u0161t\u011b, kde najdete nejenom spoustu \u010derstv\u00e9ho ovoce a zeleniny, ale i mnoho jin\u00fdch v\u011bc\u00ed.Tak\u00e9 se m\u016f\u017eete zaj\u00edt pod\u00edvat na nejdra\u017e\u0161\u00ed uli\u010dku ve V\u00eddn\u00ed, Kohlmarkt. V t\u00e9to nep\u0159\u00edli\u0161 dlouh\u00e9 uli\u010dce m\u016f\u017eete nakupovat v obchodech jako t\u0159eba Georgio Armani, Gucci nebo Chanel. A co nezapomenout ve V\u00eddni ochutnat? V\u00edde\u0148sk\u00fd \u0159\u00edzek a Sacher dort s v\u00edde\u0148skou k\u00e1vou! A tak\u00e9 si m\u016f\u017eete koupit nem\u00e9n\u011b zn\u00e1m\u00e9 Mozartovy koule.\u00a0Vid\u00edte, \u017ee ve V\u00eddni se rozhodn\u011b nebudete nudit. Tak kdy vyr\u00e1\u017e\u00edte?                                                                                                                                                                                                                                                                                                                                                                                        4.5\/5 - (4 votes)        "},{"@context":"https:\/\/schema.org\/","@type":"BreadcrumbList","itemListElement":[{"@type":"ListItem","position":1,"name":"Co ve Vidni, kdy\u017e nejste fanou\u0161kem muze\u00ed a galeri\u00ed?","item":"https:\/\/www.stecomp.cz\/co-ve-vidni-kdyz-nejste-fanouskem-muzei-a-galerii\/#breadcrumbitem"}]}]