[{"@context":"https:\/\/schema.org\/","@type":"Article","@id":"https:\/\/www.stecomp.cz\/chcete-skvelou-kuchyni\/#Article","mainEntityOfPage":"https:\/\/www.stecomp.cz\/chcete-skvelou-kuchyni\/","headline":"Chcete skv\u011blou kuchyni?","name":"Chcete skv\u011blou kuchyni?","description":"Za m\u00fdch mlad\u00fdch let to bylo s bydlen\u00edm lep\u0161\u00ed i hor\u0161\u00ed z\u00e1rove\u0148. Kdy\u017e se tehdy \u010dlov\u011bk nast\u011bhoval do panel\u00e1ku, m\u011bl tam obvykle u\u017e i v\u011bt\u0161inu z\u00e1kladn\u00edho vybaven\u00ed, a tak se nap\u0159\u00edklad nemusel starat o to, jak tam bude vypadat jeho kuchyn\u011b. Byla tam ta, kter\u00e1 tam byla, a \u010dlov\u011bk to prost\u011b akceptoval. Proto\u017ee nem\u011bl na v\u00fdb\u011br a byl r\u00e1d i za to, \u017ee tahle byla aspo\u0148 kompletn\u00ed a funguj\u00edc\u00ed. A kdy\u017e se tehdy \u010dlov\u011bk nast\u011bhoval do domu, kter\u00fd si postavil,...<p class=\"read-more\"><a class=\"btn btn-default\" href=\"https:\/\/www.stecomp.cz\/chcete-skvelou-kuchyni\/\"> \u010c\u00edst d\u00e1le<span class=\"screen-reader-text\">  \u010c\u00edst d\u00e1le<\/span><\/a><\/p>","datePublished":"2024-05-28","dateModified":"2024-05-28","author":{"@type":"Person","@id":"https:\/\/www.stecomp.cz\/author\/#Person","name":"stecomp.cz\n","url":"https:\/\/www.stecomp.cz\/author\/","identifier":1,"image":{"@type":"ImageObject","@id":"https:\/\/secure.gravatar.com\/avatar\/9478c3014fb8763e2a18691ad6bf83eff86429738afad80df8227ac472865e36?s=96&d=mm&r=g","url":"https:\/\/secure.gravatar.com\/avatar\/9478c3014fb8763e2a18691ad6bf83eff86429738afad80df8227ac472865e36?s=96&d=mm&r=g","height":96,"width":96}},"publisher":{"@type":"Organization","name":"stecomp.cz","logo":{"@type":"ImageObject","@id":"\/logo.png","url":"\/logo.png","width":600,"height":60}},"image":{"@type":"ImageObject","@id":"https:\/\/www.stecomp.cz\/wp-content\/uploads\/ku.jpg","url":"https:\/\/www.stecomp.cz\/wp-content\/uploads\/ku.jpg","height":0,"width":0},"url":"https:\/\/www.stecomp.cz\/chcete-skvelou-kuchyni\/","about":["Business"],"wordCount":422,"articleBody":"   Za m\u00fdch mlad\u00fdch let to bylo s bydlen\u00edm lep\u0161\u00ed i hor\u0161\u00ed z\u00e1rove\u0148. Kdy\u017e se tehdy \u010dlov\u011bk nast\u011bhoval do panel\u00e1ku, m\u011bl tam obvykle u\u017e i v\u011bt\u0161inu z\u00e1kladn\u00edho vybaven\u00ed, a tak se nap\u0159\u00edklad nemusel starat o to, jak tam bude vypadat jeho kuchyn\u011b. Byla tam ta, kter\u00e1 tam byla, a \u010dlov\u011bk to prost\u011b akceptoval. Proto\u017ee nem\u011bl na v\u00fdb\u011br a byl r\u00e1d i za to, \u017ee tahle byla aspo\u0148 kompletn\u00ed a funguj\u00edc\u00ed. A kdy\u017e se tehdy \u010dlov\u011bk nast\u011bhoval do domu, kter\u00fd si postavil, m\u011bl nejsp\u00ed\u0161e takovou kuchyni, jak\u00e1 byla zrovna k sehn\u00e1n\u00ed, p\u0159\u00edpadn\u011b jakou zd\u011bdil. A v\u00fdb\u011br to byl hodn\u011b skromn\u00fd, tak\u017ee byl \u010dlov\u011bk n\u011bkdy r\u00e1d, \u017ee aspo\u0148 n\u011bco sehnal.To dnes u\u017e je to jin\u00e9. A op\u011bt v ur\u010dit\u00e9m ohledu snadn\u011bj\u0161\u00ed a v ur\u010dit\u00e9m ohledu slo\u017eit\u011bj\u0161\u00ed. Proto\u017ee dnes u\u017e si lid\u00e9 mohou t\u0159eba tu kuchyni vybrat z mnoha r\u016fzn\u00fdch nab\u00eddek, co\u017e je dobr\u00e9, ale z\u00e1rove\u0148 takov\u00fd v\u00fdb\u011br p\u0159ece jenom trochu zdr\u017euje. A nav\u00edc se nikdy nev\u00ed, zda se za n\u011bkterou z nab\u00eddek neskr\u00fdv\u00e1 n\u011bjak\u00fd \u0161lendri\u00e1n nebo i vysloven\u00fd podraz.A tak si dnes mus\u00ed ka\u017ed\u00fd, kdo se n\u011bkde us\u00eddluje, sehnat mimo jin\u00e9 i svou kuchyni. A zat\u00edmco v minulosti ztratil nejv\u00edc \u010dasu sh\u00e1n\u011bn\u00edm \u010dehokoliv, dnes ztrat\u00ed nejv\u00edc \u010dasu v\u00fdb\u011brem z p\u0159ebytku nab\u00eddek.Anebo u\u017e dnes moudr\u00fd \u010dlov\u011bk tak \u010das ztr\u00e1cet nemus\u00ed. Proto\u017ee si m\u016f\u017ee rovnou vybrat z nab\u00eddky dokonal\u00fdch kuchyn\u00ed na m\u00edru. Kdy\u017e se toti\u017e ujme v oblasti sortimentu kuchyn\u011b realizace glanckuchyne.cz, vznik\u00e1 zaru\u010den\u00e1 kvalita, na kterou je za v\u0161ech okolnost\u00ed spolehnut\u00ed. \u010clov\u011bk u t\u00e9to firmy s dlouholetou rodinnou zku\u0161enost\u00ed s v\u00fdrobou kuchyn\u00ed a interi\u00e9r\u016f z\u00edsk\u00e1 kuchyni dle sv\u00e9ho v\u00fdb\u011bru za velmi dostupn\u00e9 ceny, ov\u0161em v\u017edy s d\u016frazem na zachov\u00e1n\u00ed nejvy\u0161\u0161\u00ed kvality, a tak se lze uspokojit p\u0159esn\u011b podle sv\u00fdch p\u0159edstav. A to je p\u0159ece skv\u011bl\u00e9. Proto\u017ee to chceme m\u00edt doma kr\u00e1sn\u00e9 a dokonal\u00e9. A k takov\u00e9 dokonalosti p\u0159isp\u00edv\u00e1 i vybaven\u00ed od pr\u00e1v\u011b t\u00e9to firmy. Kter\u00e9 nikoho ze z\u00e1kazn\u00edk\u016f za \u017e\u00e1dn\u00fdch okolnost\u00ed nezklame.                                                                                                                                                                                                                                                                                                                                                                                          4.7\/5 - (7 votes)        "},{"@context":"https:\/\/schema.org\/","@type":"BreadcrumbList","itemListElement":[{"@type":"ListItem","position":1,"name":"Chcete skv\u011blou kuchyni?","item":"https:\/\/www.stecomp.cz\/chcete-skvelou-kuchyni\/#breadcrumbitem"}]}]