{"@context":"https:\/\/schema.org\/","@type":"CollectionPage","@id":"https:\/\/www.stecomp.cz\/cestovani\/#CollectionPage","headline":"Cestov\u00e1n\u00ed Category","description":"","url":"https:\/\/www.stecomp.cz\/cestovani\/","hasPart":[{"@type":"Article","@id":"https:\/\/www.stecomp.cz\/mestsky-raj-v-africe\/","headline":"M\u011bstsk\u00fd r\u00e1j v Africe","url":"https:\/\/www.stecomp.cz\/mestsky-raj-v-africe\/","datePublished":"2025-03-07","dateModified":"2025-03-07","mainEntityOfPage":"https:\/\/www.stecomp.cz\/mestsky-raj-v-africe\/","author":{"@type":"Person","@id":"https:\/\/www.stecomp.cz\/author\/#Person","name":"stecomp.cz\n","url":"https:\/\/www.stecomp.cz\/author\/","identifier":1,"image":{"@type":"ImageObject","@id":"https:\/\/secure.gravatar.com\/avatar\/9478c3014fb8763e2a18691ad6bf83eff86429738afad80df8227ac472865e36?s=96&d=mm&r=g","url":"https:\/\/secure.gravatar.com\/avatar\/9478c3014fb8763e2a18691ad6bf83eff86429738afad80df8227ac472865e36?s=96&d=mm&r=g","height":96,"width":96}},"publisher":{"@type":"Organization","name":"stecomp.cz","logo":{"@type":"ImageObject","@id":"\/logo.png","url":"\/logo.png","width":600,"height":60}},"image":{"@type":"ImageObject","@id":"https:\/\/www.stecomp.cz\/wp-content\/uploads\/img_a310626_w2190_t1521614925.jpg","url":"https:\/\/www.stecomp.cz\/wp-content\/uploads\/img_a310626_w2190_t1521614925.jpg","height":0,"width":0},"keywords":null},{"@type":"Article","@id":"https:\/\/www.stecomp.cz\/maledivy-jsou-plne-divu\/","headline":"Maledivy jsou pln\u00e9 div\u016f","url":"https:\/\/www.stecomp.cz\/maledivy-jsou-plne-divu\/","datePublished":"2025-03-06","dateModified":"2023-05-02","mainEntityOfPage":"https:\/\/www.stecomp.cz\/maledivy-jsou-plne-divu\/","author":{"@type":"Person","@id":"https:\/\/www.stecomp.cz\/author\/#Person","name":"stecomp.cz\n","url":"https:\/\/www.stecomp.cz\/author\/","identifier":1,"image":{"@type":"ImageObject","@id":"https:\/\/secure.gravatar.com\/avatar\/9478c3014fb8763e2a18691ad6bf83eff86429738afad80df8227ac472865e36?s=96&d=mm&r=g","url":"https:\/\/secure.gravatar.com\/avatar\/9478c3014fb8763e2a18691ad6bf83eff86429738afad80df8227ac472865e36?s=96&d=mm&r=g","height":96,"width":96}},"publisher":{"@type":"Organization","name":"stecomp.cz","logo":{"@type":"ImageObject","@id":"\/logo.png","url":"\/logo.png","width":600,"height":60}},"image":{"@type":"ImageObject","@id":"https:\/\/www.stecomp.cz\/wp-content\/uploads\/img_a287593_w2190_t1498149355.jpg","url":"https:\/\/www.stecomp.cz\/wp-content\/uploads\/img_a287593_w2190_t1498149355.jpg","height":0,"width":0},"keywords":null},{"@type":"Article","@id":"https:\/\/www.stecomp.cz\/co-ve-vidni-kdyz-nejste-fanouskem-muzei-a-galerii\/","headline":"Co ve Vidni, kdy\u017e nejste fanou\u0161kem muze\u00ed a galeri\u00ed?","url":"https:\/\/www.stecomp.cz\/co-ve-vidni-kdyz-nejste-fanouskem-muzei-a-galerii\/","datePublished":"2025-03-02","dateModified":"2023-05-02","mainEntityOfPage":"https:\/\/www.stecomp.cz\/co-ve-vidni-kdyz-nejste-fanouskem-muzei-a-galerii\/","author":{"@type":"Person","@id":"https:\/\/www.stecomp.cz\/author\/#Person","name":"stecomp.cz\n","url":"https:\/\/www.stecomp.cz\/author\/","identifier":1,"image":{"@type":"ImageObject","@id":"https:\/\/secure.gravatar.com\/avatar\/9478c3014fb8763e2a18691ad6bf83eff86429738afad80df8227ac472865e36?s=96&d=mm&r=g","url":"https:\/\/secure.gravatar.com\/avatar\/9478c3014fb8763e2a18691ad6bf83eff86429738afad80df8227ac472865e36?s=96&d=mm&r=g","height":96,"width":96}},"publisher":{"@type":"Organization","name":"stecomp.cz","logo":{"@type":"ImageObject","@id":"\/logo.png","url":"\/logo.png","width":600,"height":60}},"image":{"@type":"ImageObject","@id":"https:\/\/www.stecomp.cz\/wp-content\/uploads\/img_a291105_w2190_t1503910729.jpg","url":"https:\/\/www.stecomp.cz\/wp-content\/uploads\/img_a291105_w2190_t1503910729.jpg","height":0,"width":0},"keywords":null},{"@type":"Article","@id":"https:\/\/www.stecomp.cz\/vydejte-se-k-branam-abu-simbelu\/","headline":"Vydejte se k bran\u00e1m Ab\u00fa Simbelu","url":"https:\/\/www.stecomp.cz\/vydejte-se-k-branam-abu-simbelu\/","datePublished":"2023-05-02","dateModified":"2023-05-02","mainEntityOfPage":"https:\/\/www.stecomp.cz\/vydejte-se-k-branam-abu-simbelu\/","author":{"@type":"Person","@id":"https:\/\/www.stecomp.cz\/author\/#Person","name":"stecomp.cz\n","url":"https:\/\/www.stecomp.cz\/author\/","identifier":1,"image":{"@type":"ImageObject","@id":"https:\/\/secure.gravatar.com\/avatar\/9478c3014fb8763e2a18691ad6bf83eff86429738afad80df8227ac472865e36?s=96&d=mm&r=g","url":"https:\/\/secure.gravatar.com\/avatar\/9478c3014fb8763e2a18691ad6bf83eff86429738afad80df8227ac472865e36?s=96&d=mm&r=g","height":96,"width":96}},"publisher":{"@type":"Organization","name":"stecomp.cz","logo":{"@type":"ImageObject","@id":"\/logo.png","url":"\/logo.png","width":600,"height":60}},"image":null,"keywords":null},{"@type":"Article","@id":"https:\/\/www.stecomp.cz\/londyn-znamy-i-neznamy\/","headline":"Lond\u00fdn zn\u00e1m\u00fd i nezn\u00e1m\u00fd","url":"https:\/\/www.stecomp.cz\/londyn-znamy-i-neznamy\/","datePublished":"2019-05-09","dateModified":"2019-05-09","mainEntityOfPage":"https:\/\/www.stecomp.cz\/londyn-znamy-i-neznamy\/","author":{"@type":"Person","@id":"https:\/\/www.stecomp.cz\/author\/#Person","name":"stecomp.cz\n","url":"https:\/\/www.stecomp.cz\/author\/","identifier":1,"image":{"@type":"ImageObject","@id":"https:\/\/secure.gravatar.com\/avatar\/9478c3014fb8763e2a18691ad6bf83eff86429738afad80df8227ac472865e36?s=96&d=mm&r=g","url":"https:\/\/secure.gravatar.com\/avatar\/9478c3014fb8763e2a18691ad6bf83eff86429738afad80df8227ac472865e36?s=96&d=mm&r=g","height":96,"width":96}},"publisher":{"@type":"Organization","name":"stecomp.cz","logo":{"@type":"ImageObject","@id":"\/logo.png","url":"\/logo.png","width":600,"height":60}},"image":{"@type":"ImageObject","@id":"https:\/\/www.stecomp.cz\/wp-content\/uploads\/img_a345114_w2190_t1558856577.jpg","url":"https:\/\/www.stecomp.cz\/wp-content\/uploads\/img_a345114_w2190_t1558856577.jpg","height":0,"width":0},"keywords":null},{"@type":"Article","@id":"https:\/\/www.stecomp.cz\/ve-stanu-vas-neprehlednou\/","headline":"Ve stanu v\u00e1s nep\u0159ehl\u00e9dnou","url":"https:\/\/www.stecomp.cz\/ve-stanu-vas-neprehlednou\/","datePublished":"2019-03-16","dateModified":"2019-03-16","mainEntityOfPage":"https:\/\/www.stecomp.cz\/ve-stanu-vas-neprehlednou\/","author":{"@type":"Person","@id":"https:\/\/www.stecomp.cz\/author\/#Person","name":"stecomp.cz\n","url":"https:\/\/www.stecomp.cz\/author\/","identifier":1,"image":{"@type":"ImageObject","@id":"https:\/\/secure.gravatar.com\/avatar\/9478c3014fb8763e2a18691ad6bf83eff86429738afad80df8227ac472865e36?s=96&d=mm&r=g","url":"https:\/\/secure.gravatar.com\/avatar\/9478c3014fb8763e2a18691ad6bf83eff86429738afad80df8227ac472865e36?s=96&d=mm&r=g","height":96,"width":96}},"publisher":{"@type":"Organization","name":"stecomp.cz","logo":{"@type":"ImageObject","@id":"\/logo.png","url":"\/logo.png","width":600,"height":60}},"image":{"@type":"ImageObject","@id":"https:\/\/www.stecomp.cz\/wp-content\/uploads\/img_a340366_w2190_t1553272388.jpg","url":"https:\/\/www.stecomp.cz\/wp-content\/uploads\/img_a340366_w2190_t1553272388.jpg","height":0,"width":0},"keywords":null},{"@type":"Article","@id":"https:\/\/www.stecomp.cz\/cestovatele-kteri-chteji-zazit-opravdovou-divocinu-miri-do-ugandy\/","headline":"Cestovatel\u00e9, kte\u0159\u00ed cht\u011bj\u00ed za\u017e\u00edt opravdovou divo\u010dinu, m\u00ed\u0159\u00ed do Ugandy","url":"https:\/\/www.stecomp.cz\/cestovatele-kteri-chteji-zazit-opravdovou-divocinu-miri-do-ugandy\/","datePublished":"2018-06-02","dateModified":"2018-06-02","mainEntityOfPage":"https:\/\/www.stecomp.cz\/cestovatele-kteri-chteji-zazit-opravdovou-divocinu-miri-do-ugandy\/","author":{"@type":"Person","@id":"https:\/\/www.stecomp.cz\/author\/#Person","name":"stecomp.cz\n","url":"https:\/\/www.stecomp.cz\/author\/","identifier":1,"image":{"@type":"ImageObject","@id":"https:\/\/secure.gravatar.com\/avatar\/9478c3014fb8763e2a18691ad6bf83eff86429738afad80df8227ac472865e36?s=96&d=mm&r=g","url":"https:\/\/secure.gravatar.com\/avatar\/9478c3014fb8763e2a18691ad6bf83eff86429738afad80df8227ac472865e36?s=96&d=mm&r=g","height":96,"width":96}},"publisher":{"@type":"Organization","name":"stecomp.cz","logo":{"@type":"ImageObject","@id":"\/logo.png","url":"\/logo.png","width":600,"height":60}},"image":{"@type":"ImageObject","@id":"https:\/\/www.stecomp.cz\/wp-content\/uploads\/img_a321443_w2190_t1532678900.jpg","url":"https:\/\/www.stecomp.cz\/wp-content\/uploads\/img_a321443_w2190_t1532678900.jpg","height":0,"width":0},"keywords":null},{"@type":"Article","@id":"https:\/\/www.stecomp.cz\/spolehnete-se-na-to-co-tu-pro-vas-je\/","headline":"Spolehn\u011bte se na to, co tu pro V\u00e1s je","url":"https:\/\/www.stecomp.cz\/spolehnete-se-na-to-co-tu-pro-vas-je\/","datePublished":"2017-04-07","dateModified":"2023-05-02","mainEntityOfPage":"https:\/\/www.stecomp.cz\/spolehnete-se-na-to-co-tu-pro-vas-je\/","author":{"@type":"Person","@id":"https:\/\/www.stecomp.cz\/author\/#Person","name":"stecomp.cz\n","url":"https:\/\/www.stecomp.cz\/author\/","identifier":1,"image":{"@type":"ImageObject","@id":"https:\/\/secure.gravatar.com\/avatar\/9478c3014fb8763e2a18691ad6bf83eff86429738afad80df8227ac472865e36?s=96&d=mm&r=g","url":"https:\/\/secure.gravatar.com\/avatar\/9478c3014fb8763e2a18691ad6bf83eff86429738afad80df8227ac472865e36?s=96&d=mm&r=g","height":96,"width":96}},"publisher":{"@type":"Organization","name":"stecomp.cz","logo":{"@type":"ImageObject","@id":"\/logo.png","url":"\/logo.png","width":600,"height":60}},"image":{"@type":"ImageObject","@id":"https:\/\/www.stecomp.cz\/wp-content\/uploads\/img_a286892_w2190_t1497196528.jpg","url":"https:\/\/www.stecomp.cz\/wp-content\/uploads\/img_a286892_w2190_t1497196528.jpg","height":0,"width":0},"keywords":null}]}